{"id":4110,"date":"2021-02-09T13:46:34","date_gmt":"2021-02-09T11:46:34","guid":{"rendered":"https:\/\/www.rivistazoom.it\/?p=4110"},"modified":"2021-02-09T13:18:45","modified_gmt":"2021-02-09T12:18:45","slug":"firmato-il-protocollo-dintesa-per-lo-sviluppo-del-territorio-pontino-post-covid-19","status":"publish","type":"post","link":"https:\/\/www.rivistazoom.it\/index.php\/2021\/02\/09\/firmato-il-protocollo-dintesa-per-lo-sviluppo-del-territorio-pontino-post-covid-19\/","title":{"rendered":"Firmato il protocollo d\u2019Intesa per lo sviluppo del territorio Pontino post Covid-19"},"content":{"rendered":"\n<figure class=\"wp-block-image size-large\"><img loading=\"lazy\" width=\"1024\" height=\"743\" src=\"https:\/\/www.rivistazoom.it\/wp-content\/uploads\/2021\/02\/20210209_110633-1024x743.jpg\" alt=\"\" class=\"wp-image-4114\" srcset=\"https:\/\/www.rivistazoom.it\/wp-content\/uploads\/2021\/02\/20210209_110633-1024x743.jpg 1024w, https:\/\/www.rivistazoom.it\/wp-content\/uploads\/2021\/02\/20210209_110633-300x218.jpg 300w, https:\/\/www.rivistazoom.it\/wp-content\/uploads\/2021\/02\/20210209_110633-768x557.jpg 768w, https:\/\/www.rivistazoom.it\/wp-content\/uploads\/2021\/02\/20210209_110633-1536x1114.jpg 1536w, https:\/\/www.rivistazoom.it\/wp-content\/uploads\/2021\/02\/20210209_110633-2048x1486.jpg 2048w\" sizes=\"(max-width: 1024px) 100vw, 1024px\" \/><\/figure>\n\n\n\n<p><strong>Cisl, Cgil, Uil e Unindustria in coro: \u201c<em>Fare squadra per dare nuova linfa al territorio. \u00c8 il momento di agire uniti<\/em>\u201d<\/strong><\/p>\n\n\n\n<p>Presso la sede centrale di Unindustria a Latina \u00e8 stato firmato il \u201c<strong><em>Protocollo d\u2019Intesa per lo sviluppo del territorio Pontino post Covid-19\u201d<\/em><\/strong>. L\u2019incontro \u00e8 stato presieduto dalle Organizzazioni Sindacali rappresentate dal Segretario Generale CISL Latina&nbsp;<strong>Roberto Cecere<\/strong>, dal Segretario Generale CGIL Latina&nbsp;<strong>Anselmo Briganti<\/strong>, dal Segretario Generale UIL Latina&nbsp;<strong>Luigi Garullo<\/strong>, dal Presidente dell\u2019Associazione territoriale di Latina&nbsp;<strong>Pierpaolo Pontecorvo<\/strong>&nbsp;e dal Direttore Unindustria Latina&nbsp;<strong>Andrea Segnanini<\/strong>. Durante l\u2019incontro si \u00e8 discusso di diverse tematiche su cui lavorare in maniera incisiva: settori quali quello farmaceutico, manifatturiero\/metalmeccanico, alimentare, turistico, infrastrutturale, di sostegno allo sviluppo economico e di deindustrializzazione.<\/p>\n\n\n\n<p>Vista la degradata situazione economica, accentuata dall\u2019emergenza sanitaria Covid-19, il sistema produttivo della provincia di Latina sconta da tempo difficolt\u00e0 strutturali che hanno frenato lo sviluppo economico territoriale. Turismo e trasporti sono stati tra i settori pi\u00f9 colpiti, ma non mancano altri segmenti produttivi di rilevante importanza, soprattutto in termini di esportazioni quali il comparto metallurgico e quello delle imprese alimentari e delle bevande. Obiettivo cruciale delle parti \u00e8 stato quello di individuare&nbsp;&nbsp;i fattori-chiave per il&nbsp;<strong>rilancio del territorio<\/strong>&nbsp;mediante un\u2019azione sinergica tra Istituzioni, organizzazioni imprenditoriali e sindacali. Si lavorer\u00e0 per dare vita ad una vera e propria ripresa sulle attivit\u00e0 economiche del territorio, aggravate ulteriormente dai provvedimenti nazionali e regionali in materia di contenimento e gestione dell\u2019emergenza epidemiologica.&nbsp;<strong>Dialogo<\/strong>&nbsp;e&nbsp;<strong>confronto<\/strong>&nbsp;come fondamenta di un progetto che ha come fine ultimo quello della concretezza.&nbsp;<\/p>\n\n\n\n<p>Verr\u00e0 costruito un comitato bilaterale che avr\u00e0 il compito di gestire il rapporto tra le parti, occupandosi di monitorare ed analizzare i fondi europei e nazionali che saranno assegnati alla Provincia per individuare le soluzioni ottimali per il comparto industriale. \u201c<em>Bilateralit\u00e0 vuol dire collaborare con le parti sociali e nello stesso tempo coinvolgere le Istituzioni principali per far s\u00ec che si possano agevolare tutte quelle azioni necessarie allo sviluppo del territorio<\/em>\u201d ha esordito il Direttore di Unindustria Latina&nbsp;<strong>Andrea Segnanini,&nbsp;<\/strong>che ha poi lasciato la parola al Presidente dell\u2019Associazione territoriale&nbsp;<strong>Pierpaolo Pontecorvo:&nbsp;<\/strong>\u201cIl&nbsp;<em>protocollo \u00e8 frutto di diversi mesi di confronto e di scambi di idee nel momento in cui l\u2019emergenza Covid si \u00e8 fatta ancora pi\u00f9 pressante sui fattori economici. Ci siamo confrontati con le parti sociali per poter dare un segnale di spinta e di supporto al territorio e alle imprese, in particolar modo a quelli che sono i settori drenanti\u201d.<\/em><\/p>\n\n\n\n<p>Entusiasti anche i rappresentati delle parti sociali: \u201c<em>Questo protocollo arriva in un momento storico per il nostro Paese<\/em>\u201d ha dichiarato il Segretario Generale della CISL Latina&nbsp;<strong>Roberto Cecere<\/strong>, che ha poi aggiunto: \u201c<em>Come ha asserito il neo presidente Mario Draghi, il debito buono \u00e8 quello che guarda al futuro; il protocollo deve dare un impulso che non pu\u00f2 venire dall\u2019alto, perci\u00f2 ben venga il coinvolgimento di tutte le parti. La collaborazione \u00e8 fondamentale, cos\u00ec come il modo in cui reinvestiremo i fondi che arrivano dall\u2019Europa: \u00e8 importante che ci sia un tavolo da cui esca progettualit\u00e0 e lavoro<\/em>\u201d.<\/p>\n\n\n\n<p>\u201c<em>Questo protocollo rappresenta un\u2019occasione straordinaria: mette insieme le parti sociali tutte per allargare la platea degli interlocutori, dando delle risposte ad una lunga crisi partita nel 2007 e alla quale si \u00e8 aggiunta la questione Covid<\/em>\u201d ha invece asserito&nbsp;<strong>Anselmo Briganti<\/strong>&nbsp;della CGIL Latina, alle cui parole hanno fatto eco quelle di&nbsp;<strong>Luigi Garullo<\/strong>&nbsp;della UIL di Latina: \u201c<em>Il comitato bilaterale lavorer\u00e0 per salvaguardare le competenze del territorio<\/em>\u201d. Come sottolineato dai presenti alla Conferenza non c\u2019\u00e8 stato alcuno scontro al tavolo delle trattative ma solo spunti, motivi di arricchimento e non di discordia; entro la fine di febbraio i protagonisti della riunione si rivedranno per pianificare e stilare un protocollo aperto su cui ci si aggiorner\u00e0 di volta in volta.<\/p>\n\n\n\n<p class=\"has-text-align-right\">Articolo a cura di <em>Fabrizio Scarf\u00f2<\/em><\/p>\n","protected":false},"excerpt":{"rendered":"<p>Cisl, Cgil, Uil e Unindustria in coro: \u201cFare squadra per dare nuova linfa al territorio. \u00c8 il momento di agire<\/p>\n<div class='the_champ_sharing_container the_champ_vertical_sharing the_champ_hide_sharing the_champ_bottom_sharing' style='width:44px;left: -10px;top: 100px;-webkit-box-shadow:none;box-shadow:none;' data-super-socializer-href=\"https:\/\/www.rivistazoom.it\"><div class=\"the_champ_sharing_ul\"><a style=\"font-size:24px!important;box-shadow:none;display:inline-block!important;font-size: 16px;padding: 0 4px;vertical-align:middle;display:inline;\" class=\"theChampSharingRound\"><span class=\"the_champ_square_count\">&nbsp;<\/span><div style=\"width:70px;height:35px;margin-bottom:9px !important;\" title=\"Total Shares\" class=\"theChampSharing theChampTCBackground\"><\/div><\/a><a class=\"the_champ_facebook\" href=\"https:\/\/www.facebook.com\/sharer\/sharer.php?u=https%3A%2F%2Fwww.rivistazoom.it\" title=\"Facebook\" rel=\"nofollow noopener\" target=\"_blank\" style=\"font-size:24px!important;box-shadow:none;display:inline-block;vertical-align:middle\"><span class=\"the_champ_svg\" style=\"background-color:#3c589a;width:70px;height:35px;display:inline-block;opacity:1;float:left;font-size:24px;box-shadow:none;display:inline-block;font-size:16px;padding:0 4px;vertical-align:middle;background-repeat:repeat;overflow:hidden;padding:0;cursor:pointer;box-sizing:content-box\"><span class=\"the_champ_square_count the_champ_facebook_count\">&nbsp;<\/span><svg style=\"display:block;\" focusable=\"false\" aria-hidden=\"true\" xmlns=\"http:\/\/www.w3.org\/2000\/svg\" width=\"100%\" height=\"100%\" viewBox=\"-5 -5 42 42\"><path d=\"M17.78 27.5V17.008h3.522l.527-4.09h-4.05v-2.61c0-1.182.33-1.99 2.023-1.99h2.166V4.66c-.375-.05-1.66-.16-3.155-.16-3.123 0-5.26 1.905-5.26 5.405v3.016h-3.53v4.09h3.53V27.5h4.223z\" fill=\"#fff\"><\/path><\/svg><\/span><\/a><a class=\"the_champ_button_twitter\" href=\"https:\/\/twitter.com\/intent\/tweet?text=Zoom%20-%20&url=https%3A%2F%2Fwww.rivistazoom.it\" title=\"Twitter\" rel=\"nofollow noopener\" target=\"_blank\" style=\"font-size:24px!important;box-shadow:none;display:inline-block;vertical-align:middle\"><span class=\"the_champ_svg the_champ_s__default the_champ_s_twitter\" style=\"background-color:#55acee;width:70px;height:35px;display:inline-block;opacity:1;float:left;font-size:24px;box-shadow:none;display:inline-block;font-size:16px;padding:0 4px;vertical-align:middle;background-repeat:repeat;overflow:hidden;padding:0;cursor:pointer;box-sizing:content-box\"><span class=\"the_champ_square_count the_champ_twitter_count\">&nbsp;<\/span><svg style=\"display:block;\" focusable=\"false\" aria-hidden=\"true\" xmlns=\"http:\/\/www.w3.org\/2000\/svg\" width=\"100%\" height=\"100%\" viewBox=\"-4 -4 39 39\"><path d=\"M28 8.557a9.913 9.913 0 0 1-2.828.775 4.93 4.93 0 0 0 2.166-2.725 9.738 9.738 0 0 1-3.13 1.194 4.92 4.92 0 0 0-3.593-1.55 4.924 4.924 0 0 0-4.794 6.049c-4.09-.21-7.72-2.17-10.15-5.15a4.942 4.942 0 0 0-.665 2.477c0 1.71.87 3.214 2.19 4.1a4.968 4.968 0 0 1-2.23-.616v.06c0 2.39 1.7 4.38 3.952 4.83-.414.115-.85.174-1.297.174-.318 0-.626-.03-.928-.086a4.935 4.935 0 0 0 4.6 3.42 9.893 9.893 0 0 1-6.114 2.107c-.398 0-.79-.023-1.175-.068a13.953 13.953 0 0 0 7.55 2.213c9.056 0 14.01-7.507 14.01-14.013 0-.213-.005-.426-.015-.637.96-.695 1.795-1.56 2.455-2.55z\" fill=\"#fff\"><\/path><\/svg><\/span><\/a><a class=\"the_champ_whatsapp\" href=\"https:\/\/api.whatsapp.com\/send?text=Zoom%20-%20 https%3A%2F%2Fwww.rivistazoom.it\" title=\"Whatsapp\" rel=\"nofollow noopener\" target=\"_blank\" style=\"font-size:24px!important;box-shadow:none;display:inline-block;vertical-align:middle\"><span class=\"the_champ_svg\" style=\"background-color:#55eb4c;width:70px;height:35px;display:inline-block;opacity:1;float:left;font-size:24px;box-shadow:none;display:inline-block;font-size:16px;padding:0 4px;vertical-align:middle;background-repeat:repeat;overflow:hidden;padding:0;cursor:pointer;box-sizing:content-box\"><span class=\"the_champ_square_count the_champ_whatsapp_count\">&nbsp;<\/span><svg style=\"display:block;\" focusable=\"false\" aria-hidden=\"true\" xmlns=\"http:\/\/www.w3.org\/2000\/svg\" width=\"100%\" height=\"100%\" viewBox=\"-6 -5 40 40\"><path class=\"the_champ_svg_stroke the_champ_no_fill\" stroke=\"#fff\" stroke-width=\"2\" fill=\"none\" d=\"M 11.579798566743314 24.396926207859085 A 10 10 0 1 0 6.808479557110079 20.73576436351046\"><\/path><path d=\"M 7 19 l -1 6 l 6 -1\" class=\"the_champ_no_fill the_champ_svg_stroke\" stroke=\"#fff\" stroke-width=\"2\" fill=\"none\"><\/path><path d=\"M 10 10 q -1 8 8 11 c 5 -1 0 -6 -1 -3 q -4 -3 -5 -5 c 4 -2 -1 -5 -1 -4\" fill=\"#fff\"><\/path><\/svg><\/span><\/a><a class=\"the_champ_button_instagram\" href=\"https:\/\/www.instagram.com\/Rivista_Zoom\" title=\"Instagram\" rel=\"nofollow noopener\" target=\"_blank\" style=\"font-size:24px!important;box-shadow:none;display:inline-block;vertical-align:middle\"><span class=\"the_champ_svg\" style=\"background-color:#53beee;width:70px;height:35px;display:inline-block;opacity:1;float:left;font-size:24px;box-shadow:none;display:inline-block;font-size:16px;padding:0 4px;vertical-align:middle;background-repeat:repeat;overflow:hidden;padding:0;cursor:pointer;box-sizing:content-box\"><span class=\"the_champ_square_count the_champ_instagram_count\">&nbsp;<\/span><svg style=\"display:block;\" version=\"1.1\" viewBox=\"-10 -10 148 148\" width=\"100%\" height=\"100%\" xml:space=\"preserve\" xmlns=\"http:\/\/www.w3.org\/2000\/svg\" xmlns:xlink=\"http:\/\/www.w3.org\/1999\/xlink\"><g><g><path d=\"M86,112H42c-14.336,0-26-11.663-26-26V42c0-14.337,11.664-26,26-26h44c14.337,0,26,11.663,26,26v44 C112,100.337,100.337,112,86,112z M42,24c-9.925,0-18,8.074-18,18v44c0,9.925,8.075,18,18,18h44c9.926,0,18-8.075,18-18V42 c0-9.926-8.074-18-18-18H42z\" fill=\"#fff\"><\/path><\/g><g><path d=\"M64,88c-13.234,0-24-10.767-24-24c0-13.234,10.766-24,24-24s24,10.766,24,24C88,77.233,77.234,88,64,88z M64,48c-8.822,0-16,7.178-16,16s7.178,16,16,16c8.822,0,16-7.178,16-16S72.822,48,64,48z\" fill=\"#fff\"><\/path><\/g><g><circle cx=\"89.5\" cy=\"38.5\" fill=\"#fff\" r=\"5.5\"><\/circle><\/g><\/g><\/svg><\/span><\/a><\/div><\/div>","protected":false},"author":1,"featured_media":4122,"comment_status":"open","ping_status":"open","sticky":false,"template":"","format":"standard","meta":[],"categories":[9],"tags":[295,334,79,185,362,126,31,289,159,648,610,135,28,1684,1743,471,29,449,296],"_links":{"self":[{"href":"https:\/\/www.rivistazoom.it\/index.php\/wp-json\/wp\/v2\/posts\/4110"}],"collection":[{"href":"https:\/\/www.rivistazoom.it\/index.php\/wp-json\/wp\/v2\/posts"}],"about":[{"href":"https:\/\/www.rivistazoom.it\/index.php\/wp-json\/wp\/v2\/types\/post"}],"author":[{"embeddable":true,"href":"https:\/\/www.rivistazoom.it\/index.php\/wp-json\/wp\/v2\/users\/1"}],"replies":[{"embeddable":true,"href":"https:\/\/www.rivistazoom.it\/index.php\/wp-json\/wp\/v2\/comments?post=4110"}],"version-history":[{"count":6,"href":"https:\/\/www.rivistazoom.it\/index.php\/wp-json\/wp\/v2\/posts\/4110\/revisions"}],"predecessor-version":[{"id":4123,"href":"https:\/\/www.rivistazoom.it\/index.php\/wp-json\/wp\/v2\/posts\/4110\/revisions\/4123"}],"wp:featuredmedia":[{"embeddable":true,"href":"https:\/\/www.rivistazoom.it\/index.php\/wp-json\/wp\/v2\/media\/4122"}],"wp:attachment":[{"href":"https:\/\/www.rivistazoom.it\/index.php\/wp-json\/wp\/v2\/media?parent=4110"}],"wp:term":[{"taxonomy":"category","embeddable":true,"href":"https:\/\/www.rivistazoom.it\/index.php\/wp-json\/wp\/v2\/categories?post=4110"},{"taxonomy":"post_tag","embeddable":true,"href":"https:\/\/www.rivistazoom.it\/index.php\/wp-json\/wp\/v2\/tags?post=4110"}],"curies":[{"name":"wp","href":"https:\/\/api.w.org\/{rel}","templated":true}]}}